{"id":1074,"date":"2025-03-11T10:10:56","date_gmt":"2025-03-11T09:10:56","guid":{"rendered":"https:\/\/www.gpas.at\/?p=1074"},"modified":"2025-03-11T10:11:37","modified_gmt":"2025-03-11T09:11:37","slug":"iftar-abendmahl-3-maerz-2025","status":"publish","type":"post","link":"https:\/\/www.gpas.at\/?p=1074","title":{"rendered":"Iftar-Abendmahl    3. M\u00e4rz 2025"},"content":{"rendered":"\n<p>Am dritten Tag des diesj\u00e4hrigen Fastenmonats Ramadan fand in der Stiftung das allj\u00e4hrliche Iftar-Abendmahl statt. Der Einladung nachgekommen sind G\u00e4ste aus verschiedenen Bereichen des \u00f6ffentlichen Lebens. Der Abend wurde durch die melodischen Kl\u00e4nge von Bashir Mirzo am Qanun, der arabischen Zither, bereichert.<\/p>\n\n\n\n<p><\/p>\n\n\n\n<p>Die Veranstaltung war nicht nur ein Genuss f\u00fcr den Gaumen, sondern auch f\u00fcr das Herz, da sie Raum f\u00fcr Austausch und Dialog schuf. Es war ein bereichernder Abend.<\/p>\n\n\n\n<figure class=\"wp-block-gallery has-nested-images columns-default is-cropped wp-block-gallery-1 is-layout-flex wp-block-gallery-is-layout-flex\">\n<figure class=\"wp-block-image size-large\"><img fetchpriority=\"high\" decoding=\"async\" width=\"1024\" height=\"576\" data-id=\"1076\" src=\"https:\/\/www.gpas.at\/wp-content\/uploads\/2025\/03\/DSC00775-1024x576.jpg\" alt=\"\" class=\"wp-image-1076\" srcset=\"https:\/\/www.gpas.at\/wp-content\/uploads\/2025\/03\/DSC00775-1024x576.jpg 1024w, https:\/\/www.gpas.at\/wp-content\/uploads\/2025\/03\/DSC00775-300x169.jpg 300w, https:\/\/www.gpas.at\/wp-content\/uploads\/2025\/03\/DSC00775-768x432.jpg 768w, https:\/\/www.gpas.at\/wp-content\/uploads\/2025\/03\/DSC00775-1536x864.jpg 1536w, https:\/\/www.gpas.at\/wp-content\/uploads\/2025\/03\/DSC00775-2048x1152.jpg 2048w, https:\/\/www.gpas.at\/wp-content\/uploads\/2025\/03\/DSC00775-100x56.jpg 100w, https:\/\/www.gpas.at\/wp-content\/uploads\/2025\/03\/DSC00775-865x486.jpg 865w, https:\/\/www.gpas.at\/wp-content\/uploads\/2025\/03\/DSC00775-1154x649.jpg 1154w\" sizes=\"(max-width: 1024px) 100vw, 1024px\" \/><figcaption class=\"wp-element-caption\">(c)gpas<\/figcaption><\/figure>\n\n\n\n<figure class=\"wp-block-image size-large\"><img decoding=\"async\" width=\"1024\" height=\"576\" data-id=\"1078\" src=\"https:\/\/www.gpas.at\/wp-content\/uploads\/2025\/03\/DSC00780-1024x576.jpg\" alt=\"\" class=\"wp-image-1078\" srcset=\"https:\/\/www.gpas.at\/wp-content\/uploads\/2025\/03\/DSC00780-1024x576.jpg 1024w, https:\/\/www.gpas.at\/wp-content\/uploads\/2025\/03\/DSC00780-300x169.jpg 300w, https:\/\/www.gpas.at\/wp-content\/uploads\/2025\/03\/DSC00780-768x432.jpg 768w, https:\/\/www.gpas.at\/wp-content\/uploads\/2025\/03\/DSC00780-1536x864.jpg 1536w, https:\/\/www.gpas.at\/wp-content\/uploads\/2025\/03\/DSC00780-2048x1152.jpg 2048w, https:\/\/www.gpas.at\/wp-content\/uploads\/2025\/03\/DSC00780-100x56.jpg 100w, https:\/\/www.gpas.at\/wp-content\/uploads\/2025\/03\/DSC00780-865x486.jpg 865w, https:\/\/www.gpas.at\/wp-content\/uploads\/2025\/03\/DSC00780-1154x649.jpg 1154w\" sizes=\"(max-width: 1024px) 100vw, 1024px\" \/><figcaption class=\"wp-element-caption\">(c)gpas<\/figcaption><\/figure>\n\n\n\n<figure class=\"wp-block-image size-large\"><img decoding=\"async\" width=\"1024\" height=\"683\" data-id=\"1079\" src=\"https:\/\/www.gpas.at\/wp-content\/uploads\/2025\/03\/DSI05298-2-1024x683.jpeg\" alt=\"\" class=\"wp-image-1079\" srcset=\"https:\/\/www.gpas.at\/wp-content\/uploads\/2025\/03\/DSI05298-2-1024x683.jpeg 1024w, https:\/\/www.gpas.at\/wp-content\/uploads\/2025\/03\/DSI05298-2-300x200.jpeg 300w, https:\/\/www.gpas.at\/wp-content\/uploads\/2025\/03\/DSI05298-2-768x512.jpeg 768w, https:\/\/www.gpas.at\/wp-content\/uploads\/2025\/03\/DSI05298-2-1536x1024.jpeg 1536w, https:\/\/www.gpas.at\/wp-content\/uploads\/2025\/03\/DSI05298-2-2048x1365.jpeg 2048w, https:\/\/www.gpas.at\/wp-content\/uploads\/2025\/03\/DSI05298-2-100x67.jpeg 100w, https:\/\/www.gpas.at\/wp-content\/uploads\/2025\/03\/DSI05298-2-865x577.jpeg 865w, https:\/\/www.gpas.at\/wp-content\/uploads\/2025\/03\/DSI05298-2-1154x769.jpeg 1154w\" sizes=\"(max-width: 1024px) 100vw, 1024px\" \/><figcaption class=\"wp-element-caption\">(c)gpas<\/figcaption><\/figure>\n\n\n\n<figure class=\"wp-block-image size-large\"><img loading=\"lazy\" decoding=\"async\" width=\"1024\" height=\"576\" data-id=\"1077\" src=\"https:\/\/www.gpas.at\/wp-content\/uploads\/2025\/03\/DSC00797-1024x576.jpg\" alt=\"\" class=\"wp-image-1077\" srcset=\"https:\/\/www.gpas.at\/wp-content\/uploads\/2025\/03\/DSC00797-1024x576.jpg 1024w, https:\/\/www.gpas.at\/wp-content\/uploads\/2025\/03\/DSC00797-300x169.jpg 300w, https:\/\/www.gpas.at\/wp-content\/uploads\/2025\/03\/DSC00797-768x432.jpg 768w, https:\/\/www.gpas.at\/wp-content\/uploads\/2025\/03\/DSC00797-1536x864.jpg 1536w, https:\/\/www.gpas.at\/wp-content\/uploads\/2025\/03\/DSC00797-2048x1152.jpg 2048w, https:\/\/www.gpas.at\/wp-content\/uploads\/2025\/03\/DSC00797-100x56.jpg 100w, https:\/\/www.gpas.at\/wp-content\/uploads\/2025\/03\/DSC00797-865x486.jpg 865w, https:\/\/www.gpas.at\/wp-content\/uploads\/2025\/03\/DSC00797-1154x649.jpg 1154w\" sizes=\"(max-width: 1024px) 100vw, 1024px\" \/><figcaption class=\"wp-element-caption\">(c)gpas<\/figcaption><\/figure>\n\n\n\n<figure class=\"wp-block-image size-large\"><img loading=\"lazy\" decoding=\"async\" width=\"1024\" height=\"682\" data-id=\"1075\" src=\"https:\/\/www.gpas.at\/wp-content\/uploads\/2025\/03\/DSI05313_-1024x682.jpeg\" alt=\"\" class=\"wp-image-1075\" srcset=\"https:\/\/www.gpas.at\/wp-content\/uploads\/2025\/03\/DSI05313_-1024x682.jpeg 1024w, https:\/\/www.gpas.at\/wp-content\/uploads\/2025\/03\/DSI05313_-300x200.jpeg 300w, https:\/\/www.gpas.at\/wp-content\/uploads\/2025\/03\/DSI05313_-768x512.jpeg 768w, https:\/\/www.gpas.at\/wp-content\/uploads\/2025\/03\/DSI05313_-100x67.jpeg 100w, https:\/\/www.gpas.at\/wp-content\/uploads\/2025\/03\/DSI05313_-865x576.jpeg 865w, https:\/\/www.gpas.at\/wp-content\/uploads\/2025\/03\/DSI05313_-1154x769.jpeg 1154w, https:\/\/www.gpas.at\/wp-content\/uploads\/2025\/03\/DSI05313_.jpeg 1280w\" sizes=\"(max-width: 1024px) 100vw, 1024px\" \/><figcaption class=\"wp-element-caption\">(c)gpas<\/figcaption><\/figure>\n<\/figure>\n","protected":false},"excerpt":{"rendered":"<p>Am dritten Tag des diesj\u00e4hrigen Fastenmonats Ramadan fand in der Stiftung das allj\u00e4hrliche Iftar-Abendmahl statt. Der Einladung nachgekommen sind G\u00e4ste aus verschiedenen Bereichen des \u00f6ffentlichen Lebens. Der Abend wurde durch die melodischen Kl\u00e4nge von Bashir &#8230; <a href=\"https:\/\/www.gpas.at\/?p=1074\" class=\"more-link\">Read More<\/a><\/p>\n","protected":false},"author":1,"featured_media":1078,"comment_status":"closed","ping_status":"closed","sticky":false,"template":"","format":"standard","meta":{"ngg_post_thumbnail":0,"footnotes":""},"categories":[11,12],"tags":[],"class_list":["post-1074","post","type-post","status-publish","format-standard","has-post-thumbnail","hentry","category-aktuelles","category-berichte"],"_links":{"self":[{"href":"https:\/\/www.gpas.at\/index.php?rest_route=\/wp\/v2\/posts\/1074"}],"collection":[{"href":"https:\/\/www.gpas.at\/index.php?rest_route=\/wp\/v2\/posts"}],"about":[{"href":"https:\/\/www.gpas.at\/index.php?rest_route=\/wp\/v2\/types\/post"}],"author":[{"embeddable":true,"href":"https:\/\/www.gpas.at\/index.php?rest_route=\/wp\/v2\/users\/1"}],"replies":[{"embeddable":true,"href":"https:\/\/www.gpas.at\/index.php?rest_route=%2Fwp%2Fv2%2Fcomments&post=1074"}],"version-history":[{"count":1,"href":"https:\/\/www.gpas.at\/index.php?rest_route=\/wp\/v2\/posts\/1074\/revisions"}],"predecessor-version":[{"id":1080,"href":"https:\/\/www.gpas.at\/index.php?rest_route=\/wp\/v2\/posts\/1074\/revisions\/1080"}],"wp:featuredmedia":[{"embeddable":true,"href":"https:\/\/www.gpas.at\/index.php?rest_route=\/wp\/v2\/media\/1078"}],"wp:attachment":[{"href":"https:\/\/www.gpas.at\/index.php?rest_route=%2Fwp%2Fv2%2Fmedia&parent=1074"}],"wp:term":[{"taxonomy":"category","embeddable":true,"href":"https:\/\/www.gpas.at\/index.php?rest_route=%2Fwp%2Fv2%2Fcategories&post=1074"},{"taxonomy":"post_tag","embeddable":true,"href":"https:\/\/www.gpas.at\/index.php?rest_route=%2Fwp%2Fv2%2Ftags&post=1074"}],"curies":[{"name":"wp","href":"https:\/\/api.w.org\/{rel}","templated":true}]}}