{"id":1146,"date":"2026-03-31T16:19:19","date_gmt":"2026-03-31T14:19:19","guid":{"rendered":"https:\/\/www.gpas.at\/?p=1146"},"modified":"2026-03-31T21:34:31","modified_gmt":"2026-03-31T19:34:31","slug":"iftar-abendmahl-2026","status":"publish","type":"post","link":"https:\/\/www.gpas.at\/?p=1146","title":{"rendered":"Iftar-Abendmahl 2026"},"content":{"rendered":"\n<p>Das <strong>Iftar-Abendmahl<\/strong> fand am <strong>26. Februar 2026<\/strong> im Festsaal der Stiftung statt. Zahlreiche G\u00e4ste aus dem \u00f6ffentlichen Leben waren anwesend und wurden herzlich begr\u00fc\u00dft. Unter ihnen befanden sich Pers\u00f6nlichkeiten aus Politik, Wissenschaft, Technik, Religion sowie Vertreterinnen und Vertreter von NGOs.<\/p>\n\n\n\n<p>Im Mittelpunkt des Abends stand der Dialog: In einer inspirierenden Atmosph\u00e4re kam es zu einem lebendigen Austausch zwischen den Anwesenden, die unterschiedliche Perspektiven und Erfahrungen einbrachten. Das interkulturelle Zusammenkommen wurde durch inhaltliche Impulse zur gemeinsamen Fastenzeit begleitet, die in diesem Jahr sowohl im Christentum als auch im Islam zeitlich zusammenfiel.<\/p>\n\n\n\n<p>Diese Inputs regten die G\u00e4ste dazu an, \u00fcber Gemeinsamkeiten und Unterschiede nachzudenken und miteinander ins Gespr\u00e4ch zu kommen. Der Abend bot somit nicht nur ein gemeinsames Mahl, sondern auch eine wertvolle Plattform f\u00fcr Begegnung, Verst\u00e4ndnis und interreligi\u00f6sen Austausch.<\/p>\n\n\n\n<figure class=\"wp-block-gallery has-nested-images columns-default is-cropped wp-block-gallery-1 is-layout-flex wp-block-gallery-is-layout-flex\">\n<figure class=\"wp-block-image size-large\"><img fetchpriority=\"high\" decoding=\"async\" width=\"1024\" height=\"768\" data-id=\"1147\" src=\"https:\/\/www.gpas.at\/wp-content\/uploads\/2026\/03\/DSC09046-1024x768.jpeg\" alt=\"\" class=\"wp-image-1147\" srcset=\"https:\/\/www.gpas.at\/wp-content\/uploads\/2026\/03\/DSC09046-1024x768.jpeg 1024w, https:\/\/www.gpas.at\/wp-content\/uploads\/2026\/03\/DSC09046-300x225.jpeg 300w, https:\/\/www.gpas.at\/wp-content\/uploads\/2026\/03\/DSC09046-768x576.jpeg 768w, https:\/\/www.gpas.at\/wp-content\/uploads\/2026\/03\/DSC09046-1536x1152.jpeg 1536w, https:\/\/www.gpas.at\/wp-content\/uploads\/2026\/03\/DSC09046-2048x1536.jpeg 2048w, https:\/\/www.gpas.at\/wp-content\/uploads\/2026\/03\/DSC09046-100x75.jpeg 100w, https:\/\/www.gpas.at\/wp-content\/uploads\/2026\/03\/DSC09046-865x649.jpeg 865w, https:\/\/www.gpas.at\/wp-content\/uploads\/2026\/03\/DSC09046-1154x866.jpeg 1154w\" sizes=\"(max-width: 1024px) 100vw, 1024px\" \/><\/figure>\n\n\n\n<figure class=\"wp-block-image size-large\"><img decoding=\"async\" width=\"1024\" height=\"768\" data-id=\"1153\" src=\"https:\/\/www.gpas.at\/wp-content\/uploads\/2026\/03\/DSC09052-1024x768.jpeg\" alt=\"\" class=\"wp-image-1153\" srcset=\"https:\/\/www.gpas.at\/wp-content\/uploads\/2026\/03\/DSC09052-1024x768.jpeg 1024w, https:\/\/www.gpas.at\/wp-content\/uploads\/2026\/03\/DSC09052-300x225.jpeg 300w, https:\/\/www.gpas.at\/wp-content\/uploads\/2026\/03\/DSC09052-768x576.jpeg 768w, https:\/\/www.gpas.at\/wp-content\/uploads\/2026\/03\/DSC09052-1536x1152.jpeg 1536w, https:\/\/www.gpas.at\/wp-content\/uploads\/2026\/03\/DSC09052-2048x1536.jpeg 2048w, https:\/\/www.gpas.at\/wp-content\/uploads\/2026\/03\/DSC09052-100x75.jpeg 100w, https:\/\/www.gpas.at\/wp-content\/uploads\/2026\/03\/DSC09052-865x649.jpeg 865w, https:\/\/www.gpas.at\/wp-content\/uploads\/2026\/03\/DSC09052-1154x866.jpeg 1154w\" sizes=\"(max-width: 1024px) 100vw, 1024px\" \/><\/figure>\n\n\n\n<figure class=\"wp-block-image size-large\"><img decoding=\"async\" width=\"1024\" height=\"768\" data-id=\"1148\" src=\"https:\/\/www.gpas.at\/wp-content\/uploads\/2026\/03\/DSC09061-1024x768.jpeg\" alt=\"\" class=\"wp-image-1148\" srcset=\"https:\/\/www.gpas.at\/wp-content\/uploads\/2026\/03\/DSC09061-1024x768.jpeg 1024w, https:\/\/www.gpas.at\/wp-content\/uploads\/2026\/03\/DSC09061-300x225.jpeg 300w, https:\/\/www.gpas.at\/wp-content\/uploads\/2026\/03\/DSC09061-768x576.jpeg 768w, https:\/\/www.gpas.at\/wp-content\/uploads\/2026\/03\/DSC09061-1536x1152.jpeg 1536w, https:\/\/www.gpas.at\/wp-content\/uploads\/2026\/03\/DSC09061-2048x1536.jpeg 2048w, https:\/\/www.gpas.at\/wp-content\/uploads\/2026\/03\/DSC09061-100x75.jpeg 100w, https:\/\/www.gpas.at\/wp-content\/uploads\/2026\/03\/DSC09061-865x649.jpeg 865w, https:\/\/www.gpas.at\/wp-content\/uploads\/2026\/03\/DSC09061-1154x866.jpeg 1154w\" sizes=\"(max-width: 1024px) 100vw, 1024px\" \/><\/figure>\n\n\n\n<figure class=\"wp-block-image size-large\"><img loading=\"lazy\" decoding=\"async\" width=\"1024\" height=\"768\" data-id=\"1150\" src=\"https:\/\/www.gpas.at\/wp-content\/uploads\/2026\/03\/DSC09084-1024x768.jpeg\" alt=\"\" class=\"wp-image-1150\" srcset=\"https:\/\/www.gpas.at\/wp-content\/uploads\/2026\/03\/DSC09084-1024x768.jpeg 1024w, https:\/\/www.gpas.at\/wp-content\/uploads\/2026\/03\/DSC09084-300x225.jpeg 300w, https:\/\/www.gpas.at\/wp-content\/uploads\/2026\/03\/DSC09084-768x576.jpeg 768w, https:\/\/www.gpas.at\/wp-content\/uploads\/2026\/03\/DSC09084-1536x1152.jpeg 1536w, https:\/\/www.gpas.at\/wp-content\/uploads\/2026\/03\/DSC09084-2048x1536.jpeg 2048w, https:\/\/www.gpas.at\/wp-content\/uploads\/2026\/03\/DSC09084-100x75.jpeg 100w, https:\/\/www.gpas.at\/wp-content\/uploads\/2026\/03\/DSC09084-865x649.jpeg 865w, https:\/\/www.gpas.at\/wp-content\/uploads\/2026\/03\/DSC09084-1154x866.jpeg 1154w\" sizes=\"(max-width: 1024px) 100vw, 1024px\" \/><\/figure>\n\n\n\n<figure class=\"wp-block-image size-large\"><img loading=\"lazy\" decoding=\"async\" width=\"1024\" height=\"768\" data-id=\"1149\" src=\"https:\/\/www.gpas.at\/wp-content\/uploads\/2026\/03\/DSC09121-1024x768.jpeg\" alt=\"\" class=\"wp-image-1149\" srcset=\"https:\/\/www.gpas.at\/wp-content\/uploads\/2026\/03\/DSC09121-1024x768.jpeg 1024w, https:\/\/www.gpas.at\/wp-content\/uploads\/2026\/03\/DSC09121-300x225.jpeg 300w, https:\/\/www.gpas.at\/wp-content\/uploads\/2026\/03\/DSC09121-768x576.jpeg 768w, https:\/\/www.gpas.at\/wp-content\/uploads\/2026\/03\/DSC09121-1536x1152.jpeg 1536w, https:\/\/www.gpas.at\/wp-content\/uploads\/2026\/03\/DSC09121-2048x1536.jpeg 2048w, https:\/\/www.gpas.at\/wp-content\/uploads\/2026\/03\/DSC09121-100x75.jpeg 100w, https:\/\/www.gpas.at\/wp-content\/uploads\/2026\/03\/DSC09121-865x649.jpeg 865w, https:\/\/www.gpas.at\/wp-content\/uploads\/2026\/03\/DSC09121-1154x866.jpeg 1154w\" sizes=\"(max-width: 1024px) 100vw, 1024px\" \/><\/figure>\n\n\n\n<figure class=\"wp-block-image size-large\"><img loading=\"lazy\" decoding=\"async\" width=\"1024\" height=\"769\" data-id=\"1156\" src=\"https:\/\/www.gpas.at\/wp-content\/uploads\/2026\/03\/DSC09126-1024x769.jpeg\" alt=\"\" class=\"wp-image-1156\" srcset=\"https:\/\/www.gpas.at\/wp-content\/uploads\/2026\/03\/DSC09126-1024x769.jpeg 1024w, https:\/\/www.gpas.at\/wp-content\/uploads\/2026\/03\/DSC09126-300x225.jpeg 300w, https:\/\/www.gpas.at\/wp-content\/uploads\/2026\/03\/DSC09126-768x576.jpeg 768w, https:\/\/www.gpas.at\/wp-content\/uploads\/2026\/03\/DSC09126-1536x1153.jpeg 1536w, https:\/\/www.gpas.at\/wp-content\/uploads\/2026\/03\/DSC09126-2048x1537.jpeg 2048w, https:\/\/www.gpas.at\/wp-content\/uploads\/2026\/03\/DSC09126-100x75.jpeg 100w, https:\/\/www.gpas.at\/wp-content\/uploads\/2026\/03\/DSC09126-865x649.jpeg 865w, https:\/\/www.gpas.at\/wp-content\/uploads\/2026\/03\/DSC09126-1154x866.jpeg 1154w\" sizes=\"(max-width: 1024px) 100vw, 1024px\" \/><\/figure>\n\n\n\n<figure class=\"wp-block-image size-large\"><img loading=\"lazy\" decoding=\"async\" width=\"1024\" height=\"769\" data-id=\"1151\" src=\"https:\/\/www.gpas.at\/wp-content\/uploads\/2026\/03\/DSC09151-1024x769.jpeg\" alt=\"\" class=\"wp-image-1151\" srcset=\"https:\/\/www.gpas.at\/wp-content\/uploads\/2026\/03\/DSC09151-1024x769.jpeg 1024w, https:\/\/www.gpas.at\/wp-content\/uploads\/2026\/03\/DSC09151-300x225.jpeg 300w, https:\/\/www.gpas.at\/wp-content\/uploads\/2026\/03\/DSC09151-768x576.jpeg 768w, https:\/\/www.gpas.at\/wp-content\/uploads\/2026\/03\/DSC09151-1536x1153.jpeg 1536w, https:\/\/www.gpas.at\/wp-content\/uploads\/2026\/03\/DSC09151-2048x1537.jpeg 2048w, https:\/\/www.gpas.at\/wp-content\/uploads\/2026\/03\/DSC09151-100x75.jpeg 100w, https:\/\/www.gpas.at\/wp-content\/uploads\/2026\/03\/DSC09151-865x649.jpeg 865w, https:\/\/www.gpas.at\/wp-content\/uploads\/2026\/03\/DSC09151-1154x866.jpeg 1154w\" sizes=\"(max-width: 1024px) 100vw, 1024px\" \/><\/figure>\n\n\n\n<figure class=\"wp-block-image size-large\"><img loading=\"lazy\" decoding=\"async\" width=\"1024\" height=\"768\" data-id=\"1154\" src=\"https:\/\/www.gpas.at\/wp-content\/uploads\/2026\/03\/DSC09231-1024x768.jpeg\" alt=\"\" class=\"wp-image-1154\" srcset=\"https:\/\/www.gpas.at\/wp-content\/uploads\/2026\/03\/DSC09231-1024x768.jpeg 1024w, https:\/\/www.gpas.at\/wp-content\/uploads\/2026\/03\/DSC09231-300x225.jpeg 300w, https:\/\/www.gpas.at\/wp-content\/uploads\/2026\/03\/DSC09231-768x576.jpeg 768w, https:\/\/www.gpas.at\/wp-content\/uploads\/2026\/03\/DSC09231-1536x1152.jpeg 1536w, https:\/\/www.gpas.at\/wp-content\/uploads\/2026\/03\/DSC09231-2048x1536.jpeg 2048w, https:\/\/www.gpas.at\/wp-content\/uploads\/2026\/03\/DSC09231-100x75.jpeg 100w, https:\/\/www.gpas.at\/wp-content\/uploads\/2026\/03\/DSC09231-865x649.jpeg 865w, https:\/\/www.gpas.at\/wp-content\/uploads\/2026\/03\/DSC09231-1154x866.jpeg 1154w\" sizes=\"(max-width: 1024px) 100vw, 1024px\" \/><\/figure>\n\n\n\n<figure class=\"wp-block-image size-large\"><img loading=\"lazy\" decoding=\"async\" width=\"1024\" height=\"769\" data-id=\"1152\" src=\"https:\/\/www.gpas.at\/wp-content\/uploads\/2026\/03\/DSC09277-1024x769.jpeg\" alt=\"\" class=\"wp-image-1152\" srcset=\"https:\/\/www.gpas.at\/wp-content\/uploads\/2026\/03\/DSC09277-1024x769.jpeg 1024w, https:\/\/www.gpas.at\/wp-content\/uploads\/2026\/03\/DSC09277-300x225.jpeg 300w, https:\/\/www.gpas.at\/wp-content\/uploads\/2026\/03\/DSC09277-768x576.jpeg 768w, https:\/\/www.gpas.at\/wp-content\/uploads\/2026\/03\/DSC09277-1536x1153.jpeg 1536w, https:\/\/www.gpas.at\/wp-content\/uploads\/2026\/03\/DSC09277-2048x1537.jpeg 2048w, https:\/\/www.gpas.at\/wp-content\/uploads\/2026\/03\/DSC09277-100x75.jpeg 100w, https:\/\/www.gpas.at\/wp-content\/uploads\/2026\/03\/DSC09277-865x649.jpeg 865w, https:\/\/www.gpas.at\/wp-content\/uploads\/2026\/03\/DSC09277-1154x866.jpeg 1154w\" sizes=\"(max-width: 1024px) 100vw, 1024px\" \/><\/figure>\n\n\n\n<figure class=\"wp-block-image size-large\"><img loading=\"lazy\" decoding=\"async\" width=\"1024\" height=\"768\" data-id=\"1155\" src=\"https:\/\/www.gpas.at\/wp-content\/uploads\/2026\/03\/DSC09343-1024x768.jpeg\" alt=\"\" class=\"wp-image-1155\" srcset=\"https:\/\/www.gpas.at\/wp-content\/uploads\/2026\/03\/DSC09343-1024x768.jpeg 1024w, https:\/\/www.gpas.at\/wp-content\/uploads\/2026\/03\/DSC09343-300x225.jpeg 300w, https:\/\/www.gpas.at\/wp-content\/uploads\/2026\/03\/DSC09343-768x576.jpeg 768w, https:\/\/www.gpas.at\/wp-content\/uploads\/2026\/03\/DSC09343-1536x1152.jpeg 1536w, https:\/\/www.gpas.at\/wp-content\/uploads\/2026\/03\/DSC09343-2048x1536.jpeg 2048w, https:\/\/www.gpas.at\/wp-content\/uploads\/2026\/03\/DSC09343-100x75.jpeg 100w, https:\/\/www.gpas.at\/wp-content\/uploads\/2026\/03\/DSC09343-865x649.jpeg 865w, https:\/\/www.gpas.at\/wp-content\/uploads\/2026\/03\/DSC09343-1154x866.jpeg 1154w\" sizes=\"(max-width: 1024px) 100vw, 1024px\" \/><\/figure>\n<\/figure>\n","protected":false},"excerpt":{"rendered":"<p>Das Iftar-Abendmahl fand am 26. Februar 2026 im Festsaal der Stiftung statt. Zahlreiche G\u00e4ste aus dem \u00f6ffentlichen Leben waren anwesend und wurden herzlich begr\u00fc\u00dft. Unter ihnen befanden sich Pers\u00f6nlichkeiten aus Politik, Wissenschaft, Technik, Religion sowie &#8230; <a href=\"https:\/\/www.gpas.at\/?p=1146\" class=\"more-link\">Read More<\/a><\/p>\n","protected":false},"author":1,"featured_media":1150,"comment_status":"closed","ping_status":"closed","sticky":false,"template":"","format":"standard","meta":{"ngg_post_thumbnail":0,"footnotes":""},"categories":[11,12],"tags":[],"class_list":["post-1146","post","type-post","status-publish","format-standard","has-post-thumbnail","hentry","category-aktuelles","category-berichte"],"_links":{"self":[{"href":"https:\/\/www.gpas.at\/index.php?rest_route=\/wp\/v2\/posts\/1146"}],"collection":[{"href":"https:\/\/www.gpas.at\/index.php?rest_route=\/wp\/v2\/posts"}],"about":[{"href":"https:\/\/www.gpas.at\/index.php?rest_route=\/wp\/v2\/types\/post"}],"author":[{"embeddable":true,"href":"https:\/\/www.gpas.at\/index.php?rest_route=\/wp\/v2\/users\/1"}],"replies":[{"embeddable":true,"href":"https:\/\/www.gpas.at\/index.php?rest_route=%2Fwp%2Fv2%2Fcomments&post=1146"}],"version-history":[{"count":2,"href":"https:\/\/www.gpas.at\/index.php?rest_route=\/wp\/v2\/posts\/1146\/revisions"}],"predecessor-version":[{"id":1160,"href":"https:\/\/www.gpas.at\/index.php?rest_route=\/wp\/v2\/posts\/1146\/revisions\/1160"}],"wp:featuredmedia":[{"embeddable":true,"href":"https:\/\/www.gpas.at\/index.php?rest_route=\/wp\/v2\/media\/1150"}],"wp:attachment":[{"href":"https:\/\/www.gpas.at\/index.php?rest_route=%2Fwp%2Fv2%2Fmedia&parent=1146"}],"wp:term":[{"taxonomy":"category","embeddable":true,"href":"https:\/\/www.gpas.at\/index.php?rest_route=%2Fwp%2Fv2%2Fcategories&post=1146"},{"taxonomy":"post_tag","embeddable":true,"href":"https:\/\/www.gpas.at\/index.php?rest_route=%2Fwp%2Fv2%2Ftags&post=1146"}],"curies":[{"name":"wp","href":"https:\/\/api.w.org\/{rel}","templated":true}]}}