{"id":386,"date":"2018-04-07T11:35:08","date_gmt":"2018-04-07T09:35:08","guid":{"rendered":"http:\/\/test.gpas.at\/?p=386"},"modified":"2020-02-20T14:16:48","modified_gmt":"2020-02-20T13:16:48","slug":"religionsunterricht-und-saekularer-staat","status":"publish","type":"post","link":"https:\/\/www.gpas.at\/?p=386","title":{"rendered":"Religionsunterricht und s\u00e4kularer Staat"},"content":{"rendered":"<p>Die Anas Schakfeh Stiftung durfte am 3. und 4.11.2011 renommierte WissenschaftlerInnen begr\u00fc\u00dfen, die im Rahmen der Tagung &#8222;Religionsunterricht und s\u00e4kularer Staat&#8220; die Dialektik zwischen S\u00e4kularismus und Religionsunterricht er\u00f6rtert haben.&nbsp;<\/p>\n<p><a href=\"https:\/\/www.ots.at\/presseaussendung\/OTS_20111106_OTS0027\/grosses-interesse-an-interreligioeser-fachtagung-bild\">OTS Aussendung<\/a><\/p>\n","protected":false},"excerpt":{"rendered":"<p>Die Anas Schakfeh Stiftung durfte am 3. und 4.11.2011 renommierte WissenschaftlerInnen begr\u00fc\u00dfen, die im Rahmen der Tagung &#8222;Religionsunterricht und s\u00e4kularer Staat&#8220; die Dialektik zwischen S\u00e4kularismus und Religionsunterricht er\u00f6rtert haben.&nbsp; OTS Aussendung<\/p>\n","protected":false},"author":1,"featured_media":0,"comment_status":"closed","ping_status":"closed","sticky":false,"template":"","format":"standard","meta":{"ngg_post_thumbnail":0,"footnotes":""},"categories":[11,12],"tags":[],"class_list":["post-386","post","type-post","status-publish","format-standard","hentry","category-aktuelles","category-berichte","no-post-thumbnail"],"_links":{"self":[{"href":"https:\/\/www.gpas.at\/index.php?rest_route=\/wp\/v2\/posts\/386"}],"collection":[{"href":"https:\/\/www.gpas.at\/index.php?rest_route=\/wp\/v2\/posts"}],"about":[{"href":"https:\/\/www.gpas.at\/index.php?rest_route=\/wp\/v2\/types\/post"}],"author":[{"embeddable":true,"href":"https:\/\/www.gpas.at\/index.php?rest_route=\/wp\/v2\/users\/1"}],"replies":[{"embeddable":true,"href":"https:\/\/www.gpas.at\/index.php?rest_route=%2Fwp%2Fv2%2Fcomments&post=386"}],"version-history":[{"count":2,"href":"https:\/\/www.gpas.at\/index.php?rest_route=\/wp\/v2\/posts\/386\/revisions"}],"predecessor-version":[{"id":388,"href":"https:\/\/www.gpas.at\/index.php?rest_route=\/wp\/v2\/posts\/386\/revisions\/388"}],"wp:attachment":[{"href":"https:\/\/www.gpas.at\/index.php?rest_route=%2Fwp%2Fv2%2Fmedia&parent=386"}],"wp:term":[{"taxonomy":"category","embeddable":true,"href":"https:\/\/www.gpas.at\/index.php?rest_route=%2Fwp%2Fv2%2Fcategories&post=386"},{"taxonomy":"post_tag","embeddable":true,"href":"https:\/\/www.gpas.at\/index.php?rest_route=%2Fwp%2Fv2%2Ftags&post=386"}],"curies":[{"name":"wp","href":"https:\/\/api.w.org\/{rel}","templated":true}]}}