{"id":473,"date":"2019-05-10T15:10:17","date_gmt":"2019-05-10T13:10:17","guid":{"rendered":"http:\/\/www.gpas.at\/?p=473"},"modified":"2019-05-16T10:03:52","modified_gmt":"2019-05-16T08:03:52","slug":"iftarabendmahl-8-mai","status":"publish","type":"post","link":"https:\/\/www.gpas.at\/?p=473","title":{"rendered":"Iftarabendmahl &#8211; 8. Mai 2019"},"content":{"rendered":"<p>Am 8. Mai lud die Anas Schakfeh Stiftung zum gemeinsamen Iftarabendmahl ein. Zahlreiche G\u00e4ste aus der Wissenschaft und Politik z\u00e4hlten genauso zu den G\u00e4sten, wie VertreterInnen der katholischen und der evangelischen Kirche und der islamischen Glaubensgemeinschaft. Jugendorganisationen waren ebenfalls vertreten.&nbsp;<\/p>\n<p>Nach einem Einblick in die Stiftungst\u00e4tigkeiten, gefolgt von einer wundervollen Rezitation aus dem Quran konnten die G\u00e4ste das k\u00f6stliche Iftar-Men\u00fc genie\u00dfen. Begleitet von den Kl\u00e4ngen orientalischer Musik entfalteten sich &nbsp;wertvolle Dialoggespr\u00e4che.&nbsp;<\/p>\n<p>&nbsp;<\/p>\n<div id='gallery-1' class='gallery galleryid-473 gallery-columns-2 gallery-size-thumbnail'><dl class='gallery-item'>\n\t\t\t<dt class='gallery-icon landscape'>\n\t\t\t\t<a href='https:\/\/www.gpas.at\/?attachment_id=474'><img decoding=\"async\" width=\"150\" height=\"150\" src=\"https:\/\/www.gpas.at\/wp-content\/uploads\/2019\/05\/DSC01516-150x150.jpg\" class=\"attachment-thumbnail size-thumbnail\" alt=\"\" \/><\/a>\n\t\t\t<\/dt><\/dl><dl class='gallery-item'>\n\t\t\t<dt class='gallery-icon landscape'>\n\t\t\t\t<a href='https:\/\/www.gpas.at\/?attachment_id=475'><img decoding=\"async\" width=\"150\" height=\"150\" src=\"https:\/\/www.gpas.at\/wp-content\/uploads\/2019\/05\/DSC01547-150x150.jpg\" class=\"attachment-thumbnail size-thumbnail\" alt=\"\" \/><\/a>\n\t\t\t<\/dt><\/dl><dl class='gallery-item'>\n\t\t\t<dt class='gallery-icon landscape'>\n\t\t\t\t<a href='https:\/\/www.gpas.at\/?attachment_id=476'><img decoding=\"async\" width=\"150\" height=\"150\" src=\"https:\/\/www.gpas.at\/wp-content\/uploads\/2019\/05\/DSC01559-150x150.jpg\" class=\"attachment-thumbnail size-thumbnail\" alt=\"\" \/><\/a>\n\t\t\t<\/dt><\/dl><dl class='gallery-item'>\n\t\t\t<dt class='gallery-icon landscape'>\n\t\t\t\t<a href='https:\/\/www.gpas.at\/?attachment_id=477'><img loading=\"lazy\" decoding=\"async\" width=\"150\" height=\"150\" src=\"https:\/\/www.gpas.at\/wp-content\/uploads\/2019\/05\/DSC01600-150x150.jpg\" class=\"attachment-thumbnail size-thumbnail\" alt=\"\" \/><\/a>\n\t\t\t<\/dt><\/dl><dl class='gallery-item'>\n\t\t\t<dt class='gallery-icon portrait'>\n\t\t\t\t<a href='https:\/\/www.gpas.at\/?attachment_id=478'><img loading=\"lazy\" decoding=\"async\" width=\"150\" height=\"150\" src=\"https:\/\/www.gpas.at\/wp-content\/uploads\/2019\/05\/DSC01657-e1557491634351-150x150.jpg\" class=\"attachment-thumbnail size-thumbnail\" alt=\"\" \/><\/a>\n\t\t\t<\/dt><\/dl><dl class='gallery-item'>\n\t\t\t<dt class='gallery-icon landscape'>\n\t\t\t\t<a href='https:\/\/www.gpas.at\/?attachment_id=479'><img loading=\"lazy\" decoding=\"async\" width=\"150\" height=\"150\" src=\"https:\/\/www.gpas.at\/wp-content\/uploads\/2019\/05\/DSC01669-150x150.jpg\" class=\"attachment-thumbnail size-thumbnail\" alt=\"\" \/><\/a>\n\t\t\t<\/dt><\/dl><dl class='gallery-item'>\n\t\t\t<dt class='gallery-icon landscape'>\n\t\t\t\t<a href='https:\/\/www.gpas.at\/?attachment_id=480'><img loading=\"lazy\" decoding=\"async\" width=\"150\" height=\"150\" src=\"https:\/\/www.gpas.at\/wp-content\/uploads\/2019\/05\/DSC01679-150x150.jpg\" class=\"attachment-thumbnail size-thumbnail\" alt=\"\" \/><\/a>\n\t\t\t<\/dt><\/dl><dl class='gallery-item'>\n\t\t\t<dt class='gallery-icon portrait'>\n\t\t\t\t<a href='https:\/\/www.gpas.at\/?attachment_id=483'><img loading=\"lazy\" decoding=\"async\" width=\"150\" height=\"150\" src=\"https:\/\/www.gpas.at\/wp-content\/uploads\/2019\/05\/DSC01700-e1557491611742-150x150.jpg\" class=\"attachment-thumbnail size-thumbnail\" alt=\"\" \/><\/a>\n\t\t\t<\/dt><\/dl><dl class='gallery-item'>\n\t\t\t<dt class='gallery-icon landscape'>\n\t\t\t\t<a href='https:\/\/www.gpas.at\/?attachment_id=484'><img loading=\"lazy\" decoding=\"async\" width=\"150\" height=\"150\" src=\"https:\/\/www.gpas.at\/wp-content\/uploads\/2019\/05\/DSC01710-150x150.jpg\" class=\"attachment-thumbnail size-thumbnail\" alt=\"\" \/><\/a>\n\t\t\t<\/dt><\/dl><dl class='gallery-item'>\n\t\t\t<dt class='gallery-icon landscape'>\n\t\t\t\t<a href='https:\/\/www.gpas.at\/?attachment_id=487'><img loading=\"lazy\" decoding=\"async\" width=\"150\" height=\"150\" src=\"https:\/\/www.gpas.at\/wp-content\/uploads\/2019\/05\/DSC01719-150x150.jpg\" class=\"attachment-thumbnail size-thumbnail\" alt=\"\" \/><\/a>\n\t\t\t<\/dt><\/dl><dl class='gallery-item'>\n\t\t\t<dt class='gallery-icon landscape'>\n\t\t\t\t<a href='https:\/\/www.gpas.at\/?attachment_id=488'><img loading=\"lazy\" decoding=\"async\" width=\"150\" height=\"150\" src=\"https:\/\/www.gpas.at\/wp-content\/uploads\/2019\/05\/DSC01723-150x150.jpg\" class=\"attachment-thumbnail size-thumbnail\" alt=\"\" \/><\/a>\n\t\t\t<\/dt><\/dl><dl class='gallery-item'>\n\t\t\t<dt class='gallery-icon landscape'>\n\t\t\t\t<a href='https:\/\/www.gpas.at\/?attachment_id=489'><img loading=\"lazy\" decoding=\"async\" width=\"150\" height=\"150\" src=\"https:\/\/www.gpas.at\/wp-content\/uploads\/2019\/05\/DSC01732-150x150.jpg\" class=\"attachment-thumbnail size-thumbnail\" alt=\"\" \/><\/a>\n\t\t\t<\/dt><\/dl><dl class='gallery-item'>\n\t\t\t<dt class='gallery-icon landscape'>\n\t\t\t\t<a href='https:\/\/www.gpas.at\/?attachment_id=490'><img loading=\"lazy\" decoding=\"async\" width=\"150\" height=\"150\" src=\"https:\/\/www.gpas.at\/wp-content\/uploads\/2019\/05\/DSC01823-150x150.jpg\" class=\"attachment-thumbnail size-thumbnail\" alt=\"\" \/><\/a>\n\t\t\t<\/dt><\/dl><dl class='gallery-item'>\n\t\t\t<dt class='gallery-icon landscape'>\n\t\t\t\t<a href='https:\/\/www.gpas.at\/?attachment_id=516'><img loading=\"lazy\" decoding=\"async\" width=\"150\" height=\"150\" src=\"https:\/\/www.gpas.at\/wp-content\/uploads\/2019\/05\/iftar-150x150.jpg\" class=\"attachment-thumbnail size-thumbnail\" alt=\"\" \/><\/a>\n\t\t\t<\/dt><\/dl>\n\t\t<\/div>\n\n<p>&nbsp;<\/p>\n<p>&nbsp;<\/p>\n<p><a href=\"https:\/\/oe1.orf.at\/player\/20190509\/552872\">\u00d61 Beitrag zum Iftarabendmahl &gt;&gt;&gt;&nbsp;<\/a><\/p>\n","protected":false},"excerpt":{"rendered":"<p>Am 8. Mai lud die Anas Schakfeh Stiftung zum gemeinsamen Iftarabendmahl ein. Zahlreiche G\u00e4ste aus der Wissenschaft und Politik z\u00e4hlten genauso zu den G\u00e4sten, wie VertreterInnen der katholischen und der evangelischen Kirche und der islamischen &#8230; <a href=\"https:\/\/www.gpas.at\/?p=473\" class=\"more-link\">Read More<\/a><\/p>\n","protected":false},"author":1,"featured_media":487,"comment_status":"closed","ping_status":"closed","sticky":false,"template":"","format":"standard","meta":{"ngg_post_thumbnail":0,"footnotes":""},"categories":[11,12],"tags":[],"class_list":["post-473","post","type-post","status-publish","format-standard","has-post-thumbnail","hentry","category-aktuelles","category-berichte"],"_links":{"self":[{"href":"https:\/\/www.gpas.at\/index.php?rest_route=\/wp\/v2\/posts\/473"}],"collection":[{"href":"https:\/\/www.gpas.at\/index.php?rest_route=\/wp\/v2\/posts"}],"about":[{"href":"https:\/\/www.gpas.at\/index.php?rest_route=\/wp\/v2\/types\/post"}],"author":[{"embeddable":true,"href":"https:\/\/www.gpas.at\/index.php?rest_route=\/wp\/v2\/users\/1"}],"replies":[{"embeddable":true,"href":"https:\/\/www.gpas.at\/index.php?rest_route=%2Fwp%2Fv2%2Fcomments&post=473"}],"version-history":[{"count":5,"href":"https:\/\/www.gpas.at\/index.php?rest_route=\/wp\/v2\/posts\/473\/revisions"}],"predecessor-version":[{"id":517,"href":"https:\/\/www.gpas.at\/index.php?rest_route=\/wp\/v2\/posts\/473\/revisions\/517"}],"wp:featuredmedia":[{"embeddable":true,"href":"https:\/\/www.gpas.at\/index.php?rest_route=\/wp\/v2\/media\/487"}],"wp:attachment":[{"href":"https:\/\/www.gpas.at\/index.php?rest_route=%2Fwp%2Fv2%2Fmedia&parent=473"}],"wp:term":[{"taxonomy":"category","embeddable":true,"href":"https:\/\/www.gpas.at\/index.php?rest_route=%2Fwp%2Fv2%2Fcategories&post=473"},{"taxonomy":"post_tag","embeddable":true,"href":"https:\/\/www.gpas.at\/index.php?rest_route=%2Fwp%2Fv2%2Ftags&post=473"}],"curies":[{"name":"wp","href":"https:\/\/api.w.org\/{rel}","templated":true}]}}