{"id":518,"date":"2019-07-31T14:46:58","date_gmt":"2019-07-31T12:46:58","guid":{"rendered":"http:\/\/www.gpas.at\/?p=518"},"modified":"2019-10-02T22:52:35","modified_gmt":"2019-10-02T20:52:35","slug":"dialogveranstaltung-soziale-integration-durch-individuelle-leistung","status":"publish","type":"post","link":"https:\/\/www.gpas.at\/?p=518","title":{"rendered":"Dialogveranstaltung: Soziale Integration durch individuelle Leistung"},"content":{"rendered":"<p><strong>Soziale Integration durch individuelle Leistung<\/strong><\/p>\n<p><em>Wie neoliberale Inszenierungs- und Abgrenzungslogiken interkulturelle Verst\u00e4ndigung erschweren.&nbsp;<\/em><\/p>\n<p>&nbsp;<\/p>\n<p>Die Anas Schakfeh Stiftung lud zur 2. Dialogveranstaltung&nbsp;\u201eSoziale Integration durch individuelle Leistung\u201c&nbsp;am&nbsp;<strong>Do. 19.Sept. 2019&nbsp;<\/strong>ein.&nbsp;Die Veranstaltung startete mit dem Impulsvortrag von&nbsp;Assoz. Prof. MMag. Dr. Wolfgang Schauer (Universit\u00e4t Salzburg). Dabei wurden &#8222;<em>unterschiedliche Ausformungen der Identit\u00e4t in einzelnen sozialen Milieus im Zuge der aktuellen gesellschaftlichen Entwicklungsdynamiken thematisiert. Basierend auf einzelnen potentiellen Irrwegen der Identit\u00e4tsausrichtung, die, so die erste Kernthese,&nbsp; durch Fluktuation, Inszenierung, R\u00fcckzug oder Abgrenzung gekennzeichnet sind, wurden in weiterer Folge L\u00f6sungswege aus der gegenw\u00e4rtigen Krise der Solidarit\u00e4t in westlichen Gesellschaften formuliert.&#8220;<\/em><\/p>\n<p>&nbsp;<\/p>\n<p>Anschlie\u00dfend diskutierten auf dem Podium Vertreterinnen und Vertreter der \u00f6sterreichischen Jugendorganisationen das Thema mit dem Vortragenden und teilten Ihre Erfahrungen mit Jugendlichen in diesem Kontext. Moderiert wurde die Dialogveranstaltung von Dr. Otto Friedrich (Die Furche).&nbsp;<\/p>\n<p>&nbsp;<\/p>\n<p>&nbsp;<\/p>\n<div id='gallery-1' class='gallery galleryid-518 gallery-columns-2 gallery-size-thumbnail'><dl class='gallery-item'>\n\t\t\t<dt class='gallery-icon landscape'>\n\t\t\t\t<a href='https:\/\/www.gpas.at\/?attachment_id=530'><img decoding=\"async\" width=\"150\" height=\"150\" src=\"https:\/\/www.gpas.at\/wp-content\/uploads\/2019\/07\/IMG_0088-150x150.jpg\" class=\"attachment-thumbnail size-thumbnail\" alt=\"\" \/><\/a>\n\t\t\t<\/dt><\/dl><dl class='gallery-item'>\n\t\t\t<dt class='gallery-icon portrait'>\n\t\t\t\t<a href='https:\/\/www.gpas.at\/?attachment_id=531'><img decoding=\"async\" width=\"150\" height=\"150\" src=\"https:\/\/www.gpas.at\/wp-content\/uploads\/2019\/07\/IMG_0098-e1570049528610-150x150.jpg\" class=\"attachment-thumbnail size-thumbnail\" alt=\"\" \/><\/a>\n\t\t\t<\/dt><\/dl><dl class='gallery-item'>\n\t\t\t<dt class='gallery-icon landscape'>\n\t\t\t\t<a href='https:\/\/www.gpas.at\/?attachment_id=532'><img decoding=\"async\" width=\"150\" height=\"150\" src=\"https:\/\/www.gpas.at\/wp-content\/uploads\/2019\/07\/IMG_0105-150x150.jpg\" class=\"attachment-thumbnail size-thumbnail\" alt=\"\" \/><\/a>\n\t\t\t<\/dt><\/dl><dl class='gallery-item'>\n\t\t\t<dt class='gallery-icon landscape'>\n\t\t\t\t<a href='https:\/\/www.gpas.at\/?attachment_id=533'><img loading=\"lazy\" decoding=\"async\" width=\"150\" height=\"150\" src=\"https:\/\/www.gpas.at\/wp-content\/uploads\/2019\/07\/IMG_0089-150x150.jpg\" class=\"attachment-thumbnail size-thumbnail\" alt=\"\" \/><\/a>\n\t\t\t<\/dt><\/dl>\n\t\t<\/div>\n\n<p>&nbsp;<\/p>\n","protected":false},"excerpt":{"rendered":"<p>Soziale Integration durch individuelle Leistung Wie neoliberale Inszenierungs- und Abgrenzungslogiken interkulturelle Verst\u00e4ndigung erschweren.&nbsp; &nbsp; Die Anas Schakfeh Stiftung lud zur 2. Dialogveranstaltung&nbsp;\u201eSoziale Integration durch individuelle Leistung\u201c&nbsp;am&nbsp;Do. 19.Sept. 2019&nbsp;ein.&nbsp;Die Veranstaltung startete mit dem Impulsvortrag von&nbsp;Assoz. Prof. &#8230; <a href=\"https:\/\/www.gpas.at\/?p=518\" class=\"more-link\">Read More<\/a><\/p>\n","protected":false},"author":1,"featured_media":526,"comment_status":"closed","ping_status":"closed","sticky":false,"template":"","format":"standard","meta":{"ngg_post_thumbnail":0,"footnotes":""},"categories":[11,1,12],"tags":[],"class_list":["post-518","post","type-post","status-publish","format-standard","has-post-thumbnail","hentry","category-aktuelles","category-allgemein","category-berichte"],"_links":{"self":[{"href":"https:\/\/www.gpas.at\/index.php?rest_route=\/wp\/v2\/posts\/518"}],"collection":[{"href":"https:\/\/www.gpas.at\/index.php?rest_route=\/wp\/v2\/posts"}],"about":[{"href":"https:\/\/www.gpas.at\/index.php?rest_route=\/wp\/v2\/types\/post"}],"author":[{"embeddable":true,"href":"https:\/\/www.gpas.at\/index.php?rest_route=\/wp\/v2\/users\/1"}],"replies":[{"embeddable":true,"href":"https:\/\/www.gpas.at\/index.php?rest_route=%2Fwp%2Fv2%2Fcomments&post=518"}],"version-history":[{"count":4,"href":"https:\/\/www.gpas.at\/index.php?rest_route=\/wp\/v2\/posts\/518\/revisions"}],"predecessor-version":[{"id":534,"href":"https:\/\/www.gpas.at\/index.php?rest_route=\/wp\/v2\/posts\/518\/revisions\/534"}],"wp:featuredmedia":[{"embeddable":true,"href":"https:\/\/www.gpas.at\/index.php?rest_route=\/wp\/v2\/media\/526"}],"wp:attachment":[{"href":"https:\/\/www.gpas.at\/index.php?rest_route=%2Fwp%2Fv2%2Fmedia&parent=518"}],"wp:term":[{"taxonomy":"category","embeddable":true,"href":"https:\/\/www.gpas.at\/index.php?rest_route=%2Fwp%2Fv2%2Fcategories&post=518"},{"taxonomy":"post_tag","embeddable":true,"href":"https:\/\/www.gpas.at\/index.php?rest_route=%2Fwp%2Fv2%2Ftags&post=518"}],"curies":[{"name":"wp","href":"https:\/\/api.w.org\/{rel}","templated":true}]}}