{"id":565,"date":"2020-01-27T08:48:41","date_gmt":"2020-01-27T07:48:41","guid":{"rendered":"http:\/\/www.gpas.at\/?p=565"},"modified":"2020-02-20T14:15:35","modified_gmt":"2020-02-20T13:15:35","slug":"seyahatname","status":"publish","type":"post","link":"https:\/\/www.gpas.at\/?p=565","title":{"rendered":"SEY\u00c2HATN\u00c2ME"},"content":{"rendered":"<p>Die Anas Schakfeh durfte am Mittwoch, 12.02.2020 <strong>Dr.in Afsaneh G\u00e4chter<\/strong>&nbsp;(Soziologin und Ethnologin) und&nbsp;<strong>Dr. Kurt Scholz<\/strong>&nbsp;(Stadtschulratspr\u00e4sident i.R., Wien) in ihren R\u00e4umlichkeiten begr\u00fc\u00dfen. Im Rahmen der Dialogveranstaltung &#8222;<strong>SEYAHATN\u00c2ME &#8211;&nbsp;Wien aus der Sicht des osmanischen Weltenbummlers&#8220;&nbsp;<\/strong>widmeten sich die beiden ReferentInnen einem bedeutenden Reisenden des 17. Jahrhunderts:&nbsp;<strong>Evliya \u00c7elebi. <\/strong>Dieser&nbsp;ist ein osmanischer Reisender, der nicht nur weite Teile der damaligen Welt kennengelernt, sondern auch faszinierend beschrieben hat. Sein Aufenthalt in Wien im Jahr 1665 z\u00e4hlt zu den buntesten und kulturhistorisch bedeutendsten Zeugnissen zur Geschichte der damaligen &#8211; und heutigen &#8211; Hauptstadt.<\/p>\n<p>&nbsp;<\/p>\n<div id='gallery-1' class='gallery galleryid-565 gallery-columns-2 gallery-size-thumbnail'><dl class='gallery-item'>\n\t\t\t<dt class='gallery-icon landscape'>\n\t\t\t\t<a href='https:\/\/www.gpas.at\/?attachment_id=590'><img decoding=\"async\" width=\"150\" height=\"150\" src=\"https:\/\/www.gpas.at\/wp-content\/uploads\/2020\/01\/DSC06934-150x150.jpg\" class=\"attachment-thumbnail size-thumbnail\" alt=\"\" \/><\/a>\n\t\t\t<\/dt><\/dl><dl class='gallery-item'>\n\t\t\t<dt class='gallery-icon landscape'>\n\t\t\t\t<a href='https:\/\/www.gpas.at\/?attachment_id=591'><img decoding=\"async\" width=\"150\" height=\"150\" src=\"https:\/\/www.gpas.at\/wp-content\/uploads\/2020\/01\/DSC06964-150x150.jpg\" class=\"attachment-thumbnail size-thumbnail\" alt=\"\" \/><\/a>\n\t\t\t<\/dt><\/dl><dl class='gallery-item'>\n\t\t\t<dt class='gallery-icon landscape'>\n\t\t\t\t<a href='https:\/\/www.gpas.at\/?attachment_id=592'><img decoding=\"async\" width=\"150\" height=\"150\" src=\"https:\/\/www.gpas.at\/wp-content\/uploads\/2020\/01\/DSC06973-150x150.jpg\" class=\"attachment-thumbnail size-thumbnail\" alt=\"\" \/><\/a>\n\t\t\t<\/dt><\/dl><dl class='gallery-item'>\n\t\t\t<dt class='gallery-icon landscape'>\n\t\t\t\t<a href='https:\/\/www.gpas.at\/?attachment_id=593'><img loading=\"lazy\" decoding=\"async\" width=\"150\" height=\"150\" src=\"https:\/\/www.gpas.at\/wp-content\/uploads\/2020\/01\/DSC06995-150x150.jpg\" class=\"attachment-thumbnail size-thumbnail\" alt=\"\" \/><\/a>\n\t\t\t<\/dt><\/dl><dl class='gallery-item'>\n\t\t\t<dt class='gallery-icon landscape'>\n\t\t\t\t<a href='https:\/\/www.gpas.at\/?attachment_id=594'><img loading=\"lazy\" decoding=\"async\" width=\"150\" height=\"150\" src=\"https:\/\/www.gpas.at\/wp-content\/uploads\/2020\/01\/DSC07006-150x150.jpg\" class=\"attachment-thumbnail size-thumbnail\" alt=\"\" \/><\/a>\n\t\t\t<\/dt><\/dl><dl class='gallery-item'>\n\t\t\t<dt class='gallery-icon landscape'>\n\t\t\t\t<a href='https:\/\/www.gpas.at\/?attachment_id=595'><img loading=\"lazy\" decoding=\"async\" width=\"150\" height=\"150\" src=\"https:\/\/www.gpas.at\/wp-content\/uploads\/2020\/01\/DSC07026-150x150.jpg\" class=\"attachment-thumbnail size-thumbnail\" alt=\"\" \/><\/a>\n\t\t\t<\/dt><\/dl>\n\t\t<\/div>\n\n<p>&nbsp;<\/p>\n<p>&nbsp;<\/p>\n","protected":false},"excerpt":{"rendered":"<p>Die Anas Schakfeh durfte am Mittwoch, 12.02.2020 Dr.in Afsaneh G\u00e4chter&nbsp;(Soziologin und Ethnologin) und&nbsp;Dr. Kurt Scholz&nbsp;(Stadtschulratspr\u00e4sident i.R., Wien) in ihren R\u00e4umlichkeiten begr\u00fc\u00dfen. Im Rahmen der Dialogveranstaltung &#8222;SEYAHATN\u00c2ME &#8211;&nbsp;Wien aus der Sicht des osmanischen Weltenbummlers&#8220;&nbsp;widmeten sich die &#8230; <a href=\"https:\/\/www.gpas.at\/?p=565\" class=\"more-link\">Read More<\/a><\/p>\n","protected":false},"author":1,"featured_media":569,"comment_status":"closed","ping_status":"closed","sticky":false,"template":"","format":"standard","meta":{"ngg_post_thumbnail":0,"footnotes":""},"categories":[11,1],"tags":[],"class_list":["post-565","post","type-post","status-publish","format-standard","has-post-thumbnail","hentry","category-aktuelles","category-allgemein"],"_links":{"self":[{"href":"https:\/\/www.gpas.at\/index.php?rest_route=\/wp\/v2\/posts\/565"}],"collection":[{"href":"https:\/\/www.gpas.at\/index.php?rest_route=\/wp\/v2\/posts"}],"about":[{"href":"https:\/\/www.gpas.at\/index.php?rest_route=\/wp\/v2\/types\/post"}],"author":[{"embeddable":true,"href":"https:\/\/www.gpas.at\/index.php?rest_route=\/wp\/v2\/users\/1"}],"replies":[{"embeddable":true,"href":"https:\/\/www.gpas.at\/index.php?rest_route=%2Fwp%2Fv2%2Fcomments&post=565"}],"version-history":[{"count":3,"href":"https:\/\/www.gpas.at\/index.php?rest_route=\/wp\/v2\/posts\/565\/revisions"}],"predecessor-version":[{"id":596,"href":"https:\/\/www.gpas.at\/index.php?rest_route=\/wp\/v2\/posts\/565\/revisions\/596"}],"wp:featuredmedia":[{"embeddable":true,"href":"https:\/\/www.gpas.at\/index.php?rest_route=\/wp\/v2\/media\/569"}],"wp:attachment":[{"href":"https:\/\/www.gpas.at\/index.php?rest_route=%2Fwp%2Fv2%2Fmedia&parent=565"}],"wp:term":[{"taxonomy":"category","embeddable":true,"href":"https:\/\/www.gpas.at\/index.php?rest_route=%2Fwp%2Fv2%2Fcategories&post=565"},{"taxonomy":"post_tag","embeddable":true,"href":"https:\/\/www.gpas.at\/index.php?rest_route=%2Fwp%2Fv2%2Ftags&post=565"}],"curies":[{"name":"wp","href":"https:\/\/api.w.org\/{rel}","templated":true}]}}