{"id":699,"date":"2024-03-18T13:51:20","date_gmt":"2024-03-18T12:51:20","guid":{"rendered":"https:\/\/www.gpas.at\/?p=699"},"modified":"2025-03-11T10:05:41","modified_gmt":"2025-03-11T09:05:41","slug":"iftar-abendmahl-2024","status":"publish","type":"post","link":"https:\/\/www.gpas.at\/?p=699","title":{"rendered":"Iftar-Abendmahl 2024"},"content":{"rendered":"\n<p>Am 12. M\u00e4rz fand in der Stiftung das allj\u00e4hrliche Iftar-Abendmahl statt. Der Einladung nachgekommen sind G\u00e4ste aus verschiedenen Bereichen des \u00f6ffentlichen Lebens. Der Abend wurde durch die melodischen Kl\u00e4nge von Bashir Mirzo am Qanun, der arabischen Zither, bereichert. <\/p>\n\n\n\n<p>Er\u00f6ffnet wurde dieses Ereignis durch Alisa Grigc, Vorstandsmitglied der Stiftung. Unter den RednerInnen befand sich auch Herr Bezirksrat Zeyd B\u00fclb\u00fcl, der in Vertretung des Liesinger Bezirksvorstehers Gerald Bischof Gru\u00dfworte sprach. <\/p>\n\n\n\n<p><\/p>\n\n\n\n<p>Die Veranstaltung war nicht nur ein Festmahl f\u00fcr den K\u00f6rper, sondern auch f\u00fcr die Seele, da sie Raum f\u00fcr Dialog, Verst\u00e4ndnis und Freundschaft bot. Es war ein inspirierender Abend, der die Werte des Zusammenhalts und der gegenseitigen Anerkennung feierte.<\/p>\n\n\n\n<p><\/p>\n\n\n\n<figure class=\"wp-block-gallery has-nested-images columns-default is-cropped wp-block-gallery-1 is-layout-flex wp-block-gallery-is-layout-flex\">\n<figure class=\"wp-block-image size-large\"><img fetchpriority=\"high\" decoding=\"async\" width=\"1024\" height=\"683\" data-id=\"701\" src=\"https:\/\/www.gpas.at\/wp-content\/uploads\/2024\/03\/DSC09842-1024x683.jpg\" alt=\"\" class=\"wp-image-701\" srcset=\"https:\/\/www.gpas.at\/wp-content\/uploads\/2024\/03\/DSC09842-1024x683.jpg 1024w, https:\/\/www.gpas.at\/wp-content\/uploads\/2024\/03\/DSC09842-300x200.jpg 300w, https:\/\/www.gpas.at\/wp-content\/uploads\/2024\/03\/DSC09842-768x512.jpg 768w, https:\/\/www.gpas.at\/wp-content\/uploads\/2024\/03\/DSC09842-1536x1024.jpg 1536w, https:\/\/www.gpas.at\/wp-content\/uploads\/2024\/03\/DSC09842-2048x1365.jpg 2048w, https:\/\/www.gpas.at\/wp-content\/uploads\/2024\/03\/DSC09842-100x67.jpg 100w, https:\/\/www.gpas.at\/wp-content\/uploads\/2024\/03\/DSC09842-865x577.jpg 865w, https:\/\/www.gpas.at\/wp-content\/uploads\/2024\/03\/DSC09842-1154x769.jpg 1154w\" sizes=\"(max-width: 1024px) 100vw, 1024px\" \/><figcaption>(c)gpas<\/figcaption><\/figure>\n\n\n\n<figure class=\"wp-block-image size-large\"><img decoding=\"async\" width=\"1024\" height=\"683\" data-id=\"709\" src=\"https:\/\/www.gpas.at\/wp-content\/uploads\/2024\/03\/DSC09843-1024x683.jpg\" alt=\"\" class=\"wp-image-709\" srcset=\"https:\/\/www.gpas.at\/wp-content\/uploads\/2024\/03\/DSC09843-1024x683.jpg 1024w, https:\/\/www.gpas.at\/wp-content\/uploads\/2024\/03\/DSC09843-300x200.jpg 300w, https:\/\/www.gpas.at\/wp-content\/uploads\/2024\/03\/DSC09843-768x512.jpg 768w, https:\/\/www.gpas.at\/wp-content\/uploads\/2024\/03\/DSC09843-1536x1024.jpg 1536w, https:\/\/www.gpas.at\/wp-content\/uploads\/2024\/03\/DSC09843-2048x1365.jpg 2048w, https:\/\/www.gpas.at\/wp-content\/uploads\/2024\/03\/DSC09843-100x67.jpg 100w, https:\/\/www.gpas.at\/wp-content\/uploads\/2024\/03\/DSC09843-865x577.jpg 865w, https:\/\/www.gpas.at\/wp-content\/uploads\/2024\/03\/DSC09843-1154x769.jpg 1154w\" sizes=\"(max-width: 1024px) 100vw, 1024px\" \/><figcaption>(c)gpas<\/figcaption><\/figure>\n\n\n\n<figure class=\"wp-block-image size-large\"><img decoding=\"async\" width=\"1024\" height=\"683\" data-id=\"706\" src=\"https:\/\/www.gpas.at\/wp-content\/uploads\/2024\/03\/DSC09871-1024x683.jpg\" alt=\"\" class=\"wp-image-706\" srcset=\"https:\/\/www.gpas.at\/wp-content\/uploads\/2024\/03\/DSC09871-1024x683.jpg 1024w, https:\/\/www.gpas.at\/wp-content\/uploads\/2024\/03\/DSC09871-300x200.jpg 300w, https:\/\/www.gpas.at\/wp-content\/uploads\/2024\/03\/DSC09871-768x512.jpg 768w, https:\/\/www.gpas.at\/wp-content\/uploads\/2024\/03\/DSC09871-1536x1024.jpg 1536w, https:\/\/www.gpas.at\/wp-content\/uploads\/2024\/03\/DSC09871-2048x1365.jpg 2048w, https:\/\/www.gpas.at\/wp-content\/uploads\/2024\/03\/DSC09871-100x67.jpg 100w, https:\/\/www.gpas.at\/wp-content\/uploads\/2024\/03\/DSC09871-865x577.jpg 865w, https:\/\/www.gpas.at\/wp-content\/uploads\/2024\/03\/DSC09871-1154x769.jpg 1154w\" sizes=\"(max-width: 1024px) 100vw, 1024px\" \/><figcaption>(c)gpas<\/figcaption><\/figure>\n\n\n\n<figure class=\"wp-block-image size-large\"><img loading=\"lazy\" decoding=\"async\" width=\"1024\" height=\"683\" data-id=\"707\" src=\"https:\/\/www.gpas.at\/wp-content\/uploads\/2024\/03\/DSC09877-1024x683.jpg\" alt=\"\" class=\"wp-image-707\" srcset=\"https:\/\/www.gpas.at\/wp-content\/uploads\/2024\/03\/DSC09877-1024x683.jpg 1024w, https:\/\/www.gpas.at\/wp-content\/uploads\/2024\/03\/DSC09877-300x200.jpg 300w, https:\/\/www.gpas.at\/wp-content\/uploads\/2024\/03\/DSC09877-768x512.jpg 768w, https:\/\/www.gpas.at\/wp-content\/uploads\/2024\/03\/DSC09877-1536x1024.jpg 1536w, https:\/\/www.gpas.at\/wp-content\/uploads\/2024\/03\/DSC09877-2048x1365.jpg 2048w, https:\/\/www.gpas.at\/wp-content\/uploads\/2024\/03\/DSC09877-100x67.jpg 100w, https:\/\/www.gpas.at\/wp-content\/uploads\/2024\/03\/DSC09877-865x577.jpg 865w, https:\/\/www.gpas.at\/wp-content\/uploads\/2024\/03\/DSC09877-1154x769.jpg 1154w\" sizes=\"(max-width: 1024px) 100vw, 1024px\" \/><figcaption>(c)gpas<\/figcaption><\/figure>\n\n\n\n<figure class=\"wp-block-image size-large\"><img loading=\"lazy\" decoding=\"async\" width=\"1024\" height=\"683\" data-id=\"708\" src=\"https:\/\/www.gpas.at\/wp-content\/uploads\/2024\/03\/DSC09901-1024x683.jpg\" alt=\"\" class=\"wp-image-708\" srcset=\"https:\/\/www.gpas.at\/wp-content\/uploads\/2024\/03\/DSC09901-1024x683.jpg 1024w, https:\/\/www.gpas.at\/wp-content\/uploads\/2024\/03\/DSC09901-300x200.jpg 300w, https:\/\/www.gpas.at\/wp-content\/uploads\/2024\/03\/DSC09901-768x512.jpg 768w, https:\/\/www.gpas.at\/wp-content\/uploads\/2024\/03\/DSC09901-1536x1024.jpg 1536w, https:\/\/www.gpas.at\/wp-content\/uploads\/2024\/03\/DSC09901-2048x1365.jpg 2048w, https:\/\/www.gpas.at\/wp-content\/uploads\/2024\/03\/DSC09901-100x67.jpg 100w, https:\/\/www.gpas.at\/wp-content\/uploads\/2024\/03\/DSC09901-865x577.jpg 865w, https:\/\/www.gpas.at\/wp-content\/uploads\/2024\/03\/DSC09901-1154x769.jpg 1154w\" sizes=\"(max-width: 1024px) 100vw, 1024px\" \/><figcaption>(c)gpas<\/figcaption><\/figure>\n\n\n\n<figure class=\"wp-block-image size-large\"><img loading=\"lazy\" decoding=\"async\" width=\"1024\" height=\"683\" data-id=\"702\" src=\"https:\/\/www.gpas.at\/wp-content\/uploads\/2024\/03\/DSC09806-1024x683.jpg\" alt=\"\" class=\"wp-image-702\" srcset=\"https:\/\/www.gpas.at\/wp-content\/uploads\/2024\/03\/DSC09806-1024x683.jpg 1024w, https:\/\/www.gpas.at\/wp-content\/uploads\/2024\/03\/DSC09806-300x200.jpg 300w, https:\/\/www.gpas.at\/wp-content\/uploads\/2024\/03\/DSC09806-768x512.jpg 768w, https:\/\/www.gpas.at\/wp-content\/uploads\/2024\/03\/DSC09806-1536x1024.jpg 1536w, https:\/\/www.gpas.at\/wp-content\/uploads\/2024\/03\/DSC09806-2048x1365.jpg 2048w, https:\/\/www.gpas.at\/wp-content\/uploads\/2024\/03\/DSC09806-100x67.jpg 100w, https:\/\/www.gpas.at\/wp-content\/uploads\/2024\/03\/DSC09806-865x577.jpg 865w, https:\/\/www.gpas.at\/wp-content\/uploads\/2024\/03\/DSC09806-1154x769.jpg 1154w\" sizes=\"(max-width: 1024px) 100vw, 1024px\" \/><figcaption>(c)gpas<\/figcaption><\/figure>\n<\/figure>\n","protected":false},"excerpt":{"rendered":"<p>Am 12. M\u00e4rz fand in der Stiftung das allj\u00e4hrliche Iftar-Abendmahl statt. Der Einladung nachgekommen sind G\u00e4ste aus verschiedenen Bereichen des \u00f6ffentlichen Lebens. Der Abend wurde durch die melodischen Kl\u00e4nge von Bashir Mirzo am Qanun, der &#8230; <a href=\"https:\/\/www.gpas.at\/?p=699\" class=\"more-link\">Read More<\/a><\/p>\n","protected":false},"author":1,"featured_media":705,"comment_status":"closed","ping_status":"closed","sticky":false,"template":"","format":"standard","meta":{"ngg_post_thumbnail":0,"footnotes":""},"categories":[11,1,12],"tags":[],"class_list":["post-699","post","type-post","status-publish","format-standard","has-post-thumbnail","hentry","category-aktuelles","category-allgemein","category-berichte"],"_links":{"self":[{"href":"https:\/\/www.gpas.at\/index.php?rest_route=\/wp\/v2\/posts\/699"}],"collection":[{"href":"https:\/\/www.gpas.at\/index.php?rest_route=\/wp\/v2\/posts"}],"about":[{"href":"https:\/\/www.gpas.at\/index.php?rest_route=\/wp\/v2\/types\/post"}],"author":[{"embeddable":true,"href":"https:\/\/www.gpas.at\/index.php?rest_route=\/wp\/v2\/users\/1"}],"replies":[{"embeddable":true,"href":"https:\/\/www.gpas.at\/index.php?rest_route=%2Fwp%2Fv2%2Fcomments&post=699"}],"version-history":[{"count":2,"href":"https:\/\/www.gpas.at\/index.php?rest_route=\/wp\/v2\/posts\/699\/revisions"}],"predecessor-version":[{"id":711,"href":"https:\/\/www.gpas.at\/index.php?rest_route=\/wp\/v2\/posts\/699\/revisions\/711"}],"wp:featuredmedia":[{"embeddable":true,"href":"https:\/\/www.gpas.at\/index.php?rest_route=\/wp\/v2\/media\/705"}],"wp:attachment":[{"href":"https:\/\/www.gpas.at\/index.php?rest_route=%2Fwp%2Fv2%2Fmedia&parent=699"}],"wp:term":[{"taxonomy":"category","embeddable":true,"href":"https:\/\/www.gpas.at\/index.php?rest_route=%2Fwp%2Fv2%2Fcategories&post=699"},{"taxonomy":"post_tag","embeddable":true,"href":"https:\/\/www.gpas.at\/index.php?rest_route=%2Fwp%2Fv2%2Ftags&post=699"}],"curies":[{"name":"wp","href":"https:\/\/api.w.org\/{rel}","templated":true}]}}